{"id":1174,"date":"2025-01-14T15:55:27","date_gmt":"2025-01-14T21:55:27","guid":{"rendered":"https:\/\/apaseoelaltogto.gob.mx\/website\/?p=1174"},"modified":"2025-01-27T15:57:50","modified_gmt":"2025-01-27T21:57:50","slug":"presenta-monserrat-mendoza-proyectos-ante-el-estado","status":"publish","type":"post","link":"https:\/\/apaseoelaltogto.gob.mx\/website\/2025\/01\/presenta-monserrat-mendoza-proyectos-ante-el-estado\/","title":{"rendered":"Presenta Monserrat Mendoza proyectos ante el Estado."},"content":{"rendered":"\n<p>Apaseo el Alto, Gto., a 14 de enero de 2025. Como parte de la estrategia del Gobierno de la Gente y de las gestiones realizadas por el Gobierno Municipal de Apaseo el Alto, la alcaldesa, Monserrat Mendoza Cano, present\u00f3 los proyectos m\u00e1s sobre salientes de la administraci\u00f3n 2024-2027, ante una reuni\u00f3n convocada por gobernadora, Libia Dennise Garc\u00eda Mu\u00f1oz-Ledo.<\/p>\n\n\n\n<p>Mendoza Cano, explic\u00f3 que fue durante las reuniones con los presidentes de la regi\u00f3n Laja &#8211; Baj\u00edo, en que se presentaron acciones que mejorar\u00e1n la calidad de vida de los habitantes y dotar\u00e1n de infraestructura necesaria para el municipio.<\/p>\n\n\n<div class=\"wp-block-image\">\n<figure class=\"aligncenter size-large is-resized\"><img loading=\"lazy\" decoding=\"async\" width=\"1024\" height=\"690\" src=\"https:\/\/apaseoelaltogto.gob.mx\/website\/wp-content\/uploads\/2025\/01\/WhatsApp-Image-2025-01-14-at-4.11.46-PM-1024x690.jpeg\" alt=\"\" class=\"wp-image-1175\" style=\"width:686px;height:auto\" srcset=\"https:\/\/apaseoelaltogto.gob.mx\/website\/wp-content\/uploads\/2025\/01\/WhatsApp-Image-2025-01-14-at-4.11.46-PM-1024x690.jpeg 1024w, https:\/\/apaseoelaltogto.gob.mx\/website\/wp-content\/uploads\/2025\/01\/WhatsApp-Image-2025-01-14-at-4.11.46-PM-300x202.jpeg 300w, https:\/\/apaseoelaltogto.gob.mx\/website\/wp-content\/uploads\/2025\/01\/WhatsApp-Image-2025-01-14-at-4.11.46-PM-768x517.jpeg 768w, https:\/\/apaseoelaltogto.gob.mx\/website\/wp-content\/uploads\/2025\/01\/WhatsApp-Image-2025-01-14-at-4.11.46-PM-1536x1035.jpeg 1536w, https:\/\/apaseoelaltogto.gob.mx\/website\/wp-content\/uploads\/2025\/01\/WhatsApp-Image-2025-01-14-at-4.11.46-PM.jpeg 1600w\" sizes=\"(max-width: 1024px) 100vw, 1024px\" \/><\/figure><\/div>\n\n\n<p>\u201cAyer acudimos a las reuniones con los presidentes municipales de la regi\u00f3n y cada uno tuvo la oportunidad de exponer nuestras necesidades. Nos enfocamos en los proyectos donde lo alcanzamos invertir completamente y que vemos que el Estado nos puede respaldar para continuar haciendo un verdadero cambio, sumado a los que venimos haciendo\u201d, dijo Monserrat Mendoza.<\/p>\n\n\n\n<p>Indic\u00f3 que entre los proyectos de continuidad se encuentra la Unidad m\u00e9dica de San Bartolom\u00e9 Aguas Calientes, el nuevo relleno sanitario y la consolidaci\u00f3n de las ferias y festivales como el de la Granada, la del Artesano, la Ganadera y la del mueble, como nueva creaci\u00f3n.<\/p>\n\n\n\n<p>Adem\u00e1s se encuentran la calle Francisco Villa de la colonia Emiliano Zapata, la creaci\u00f3n del nuevo CADI, obras de drenaje en comunidades y los tanques elevados de agua de las comunidades de la Presita y Congregaci\u00f3n de la Cruz por mencionar algunas.<\/p>\n\n\n\n<p>\u201cNosotros como municipio hemos trabajado hasta lo imposible por nuestra gente y la gobernadora ha visto esos resultados, por nuestra parte estamos solicitando su apoyo, pero tambi\u00e9n seguimos estamos dispuesto a invertir en conjunto, que sepan que no solo vamos a pedir, sino tambi\u00e9n a poner hasta de nuestra bolsa para beneficiar a los habitantes\u201d se\u00f1al\u00f3 la alcaldesa.<\/p>\n\n\n\n<p>Por su parte, la gobernadora Libia Dennise, public\u00f3 en sus redes sociales \u201cEstas reuniones nos ayudan a saber cu\u00e1les son las obras y acciones que m\u00e1s necesita nuestra gente y tengan por seguro que vienen buenas cosas para sus municipios. Cuentan con su Gobernadora\u201d, dando muestra de la voluntad pol\u00edtica de colaborar con los municipios de la entidad.<\/p>\n\n\n<div class=\"wp-block-image\">\n<figure class=\"aligncenter size-large is-resized\"><img loading=\"lazy\" decoding=\"async\" width=\"1024\" height=\"576\" src=\"https:\/\/apaseoelaltogto.gob.mx\/website\/wp-content\/uploads\/2025\/01\/WhatsApp-Image-2025-01-14-at-4.11.48-PM-1024x576.jpeg\" alt=\"\" class=\"wp-image-1176\" style=\"width:766px;height:auto\" srcset=\"https:\/\/apaseoelaltogto.gob.mx\/website\/wp-content\/uploads\/2025\/01\/WhatsApp-Image-2025-01-14-at-4.11.48-PM-1024x576.jpeg 1024w, https:\/\/apaseoelaltogto.gob.mx\/website\/wp-content\/uploads\/2025\/01\/WhatsApp-Image-2025-01-14-at-4.11.48-PM-300x169.jpeg 300w, https:\/\/apaseoelaltogto.gob.mx\/website\/wp-content\/uploads\/2025\/01\/WhatsApp-Image-2025-01-14-at-4.11.48-PM-768x432.jpeg 768w, https:\/\/apaseoelaltogto.gob.mx\/website\/wp-content\/uploads\/2025\/01\/WhatsApp-Image-2025-01-14-at-4.11.48-PM-1536x864.jpeg 1536w, https:\/\/apaseoelaltogto.gob.mx\/website\/wp-content\/uploads\/2025\/01\/WhatsApp-Image-2025-01-14-at-4.11.48-PM.jpeg 1600w\" sizes=\"(max-width: 1024px) 100vw, 1024px\" \/><\/figure><\/div>","protected":false},"excerpt":{"rendered":"<p>Apaseo el Alto, Gto., a 14 de enero de 2025. Como parte de la estrategia&#8230;<\/p>\n","protected":false},"author":4,"featured_media":1177,"comment_status":"closed","ping_status":"open","sticky":false,"template":"","format":"standard","meta":{"footnotes":""},"categories":[75],"tags":[],"_links":{"self":[{"href":"https:\/\/apaseoelaltogto.gob.mx\/website\/wp-json\/wp\/v2\/posts\/1174"}],"collection":[{"href":"https:\/\/apaseoelaltogto.gob.mx\/website\/wp-json\/wp\/v2\/posts"}],"about":[{"href":"https:\/\/apaseoelaltogto.gob.mx\/website\/wp-json\/wp\/v2\/types\/post"}],"author":[{"embeddable":true,"href":"https:\/\/apaseoelaltogto.gob.mx\/website\/wp-json\/wp\/v2\/users\/4"}],"replies":[{"embeddable":true,"href":"https:\/\/apaseoelaltogto.gob.mx\/website\/wp-json\/wp\/v2\/comments?post=1174"}],"version-history":[{"count":1,"href":"https:\/\/apaseoelaltogto.gob.mx\/website\/wp-json\/wp\/v2\/posts\/1174\/revisions"}],"predecessor-version":[{"id":1178,"href":"https:\/\/apaseoelaltogto.gob.mx\/website\/wp-json\/wp\/v2\/posts\/1174\/revisions\/1178"}],"wp:featuredmedia":[{"embeddable":true,"href":"https:\/\/apaseoelaltogto.gob.mx\/website\/wp-json\/wp\/v2\/media\/1177"}],"wp:attachment":[{"href":"https:\/\/apaseoelaltogto.gob.mx\/website\/wp-json\/wp\/v2\/media?parent=1174"}],"wp:term":[{"taxonomy":"category","embeddable":true,"href":"https:\/\/apaseoelaltogto.gob.mx\/website\/wp-json\/wp\/v2\/categories?post=1174"},{"taxonomy":"post_tag","embeddable":true,"href":"https:\/\/apaseoelaltogto.gob.mx\/website\/wp-json\/wp\/v2\/tags?post=1174"}],"curies":[{"name":"wp","href":"https:\/\/api.w.org\/{rel}","templated":true}]}}