{"id":470,"date":"2021-10-18T11:38:28","date_gmt":"2021-10-18T17:38:28","guid":{"rendered":"http:\/\/apaseoelaltogto.gob.mx\/website\/?p=470"},"modified":"2021-10-29T11:46:11","modified_gmt":"2021-10-29T17:46:11","slug":"conmemoran-dia-contra-el-cancer-de-mama","status":"publish","type":"post","link":"https:\/\/apaseoelaltogto.gob.mx\/website\/2021\/10\/conmemoran-dia-contra-el-cancer-de-mama\/","title":{"rendered":"Conmemoran D\u00eda Contra el C\u00e1ncer de mama"},"content":{"rendered":"\n<p> El Gobierno Municipal a trav\u00e9s de la coordinaci\u00f3n para la Atenci\u00f3n de las Mujeres Apaseoaltenses, en coordinaci\u00f3n con el Centro de Salud , llevaron acabo este lunes la feria de la salud en el Jard\u00edn Principal, con motivo por el d\u00eda internacional contra el c\u00e1ncer de mama, proporcionaron servicios saludables de papanicolau, toma de se\u00f1ales vitales entre otros, as\u00ed mismo el c\u00f3mo puedes realizarte las autoexploraciones mamarias.Tambi\u00e9n se llev\u00f3 a cabo una conferencia llamada \u00abAUTOCUIDADOS\u00bb impartida por la Dra. Citlali Araceli Moreno Gonz\u00e1lez. <\/p>\n\n\n\n<figure class=\"wp-block-image\"><img loading=\"lazy\" decoding=\"async\" width=\"1024\" height=\"768\" src=\"https:\/\/apaseoelaltogto.gob.mx\/website\/wp-content\/uploads\/2021\/10\/246926859_1851452528380372_6922723882134168069_n-1024x768.jpg\" alt=\"\" class=\"wp-image-472\" srcset=\"https:\/\/apaseoelaltogto.gob.mx\/website\/wp-content\/uploads\/2021\/10\/246926859_1851452528380372_6922723882134168069_n-1024x768.jpg 1024w, https:\/\/apaseoelaltogto.gob.mx\/website\/wp-content\/uploads\/2021\/10\/246926859_1851452528380372_6922723882134168069_n-300x225.jpg 300w, https:\/\/apaseoelaltogto.gob.mx\/website\/wp-content\/uploads\/2021\/10\/246926859_1851452528380372_6922723882134168069_n-768x576.jpg 768w, https:\/\/apaseoelaltogto.gob.mx\/website\/wp-content\/uploads\/2021\/10\/246926859_1851452528380372_6922723882134168069_n.jpg 1600w\" sizes=\"(max-width: 1024px) 100vw, 1024px\" \/><\/figure>\n","protected":false},"excerpt":{"rendered":"<p>El Gobierno Municipal a trav\u00e9s de la coordinaci\u00f3n para la Atenci\u00f3n de las Mujeres Apaseoaltenses,&#8230;<\/p>\n","protected":false},"author":4,"featured_media":471,"comment_status":"open","ping_status":"open","sticky":false,"template":"","format":"standard","meta":{"footnotes":""},"categories":[26],"tags":[],"_links":{"self":[{"href":"https:\/\/apaseoelaltogto.gob.mx\/website\/wp-json\/wp\/v2\/posts\/470"}],"collection":[{"href":"https:\/\/apaseoelaltogto.gob.mx\/website\/wp-json\/wp\/v2\/posts"}],"about":[{"href":"https:\/\/apaseoelaltogto.gob.mx\/website\/wp-json\/wp\/v2\/types\/post"}],"author":[{"embeddable":true,"href":"https:\/\/apaseoelaltogto.gob.mx\/website\/wp-json\/wp\/v2\/users\/4"}],"replies":[{"embeddable":true,"href":"https:\/\/apaseoelaltogto.gob.mx\/website\/wp-json\/wp\/v2\/comments?post=470"}],"version-history":[{"count":1,"href":"https:\/\/apaseoelaltogto.gob.mx\/website\/wp-json\/wp\/v2\/posts\/470\/revisions"}],"predecessor-version":[{"id":473,"href":"https:\/\/apaseoelaltogto.gob.mx\/website\/wp-json\/wp\/v2\/posts\/470\/revisions\/473"}],"wp:featuredmedia":[{"embeddable":true,"href":"https:\/\/apaseoelaltogto.gob.mx\/website\/wp-json\/wp\/v2\/media\/471"}],"wp:attachment":[{"href":"https:\/\/apaseoelaltogto.gob.mx\/website\/wp-json\/wp\/v2\/media?parent=470"}],"wp:term":[{"taxonomy":"category","embeddable":true,"href":"https:\/\/apaseoelaltogto.gob.mx\/website\/wp-json\/wp\/v2\/categories?post=470"},{"taxonomy":"post_tag","embeddable":true,"href":"https:\/\/apaseoelaltogto.gob.mx\/website\/wp-json\/wp\/v2\/tags?post=470"}],"curies":[{"name":"wp","href":"https:\/\/api.w.org\/{rel}","templated":true}]}}