{"id":504,"date":"2021-11-08T16:04:34","date_gmt":"2021-11-08T22:04:34","guid":{"rendered":"http:\/\/apaseoelaltogto.gob.mx\/website\/?p=504"},"modified":"2021-11-08T16:07:13","modified_gmt":"2021-11-08T22:07:13","slug":"conmemoran-autoridades-219-aniversario-de-fundacion","status":"publish","type":"post","link":"https:\/\/apaseoelaltogto.gob.mx\/website\/2021\/11\/conmemoran-autoridades-219-aniversario-de-fundacion\/","title":{"rendered":"Conmemoran autoridades 219\u00b0 Aniversario de Fundaci\u00f3n"},"content":{"rendered":"\n<p> En la ma\u00f1ana se realiz\u00f3 acto c\u00edvico en el Jard\u00edn Cuauht\u00e9moc para conmemorar los 219 a\u00f1os de la Fundaci\u00f3n Jur\u00eddica Apaseo el Alto. <\/p>\n\n\n\n<figure class=\"wp-block-image\"><img loading=\"lazy\" decoding=\"async\" width=\"1024\" height=\"682\" src=\"https:\/\/apaseoelaltogto.gob.mx\/website\/wp-content\/uploads\/2021\/11\/WhatsApp-Image-2021-11-08-at-10.36.54-1024x682.jpeg\" alt=\"\" class=\"wp-image-506\" srcset=\"https:\/\/apaseoelaltogto.gob.mx\/website\/wp-content\/uploads\/2021\/11\/WhatsApp-Image-2021-11-08-at-10.36.54-1024x682.jpeg 1024w, https:\/\/apaseoelaltogto.gob.mx\/website\/wp-content\/uploads\/2021\/11\/WhatsApp-Image-2021-11-08-at-10.36.54-300x200.jpeg 300w, https:\/\/apaseoelaltogto.gob.mx\/website\/wp-content\/uploads\/2021\/11\/WhatsApp-Image-2021-11-08-at-10.36.54-768x512.jpeg 768w, https:\/\/apaseoelaltogto.gob.mx\/website\/wp-content\/uploads\/2021\/11\/WhatsApp-Image-2021-11-08-at-10.36.54-675x450.jpeg 675w, https:\/\/apaseoelaltogto.gob.mx\/website\/wp-content\/uploads\/2021\/11\/WhatsApp-Image-2021-11-08-at-10.36.54.jpeg 1600w\" sizes=\"(max-width: 1024px) 100vw, 1024px\" \/><\/figure>\n\n\n\n<p>219 A\u00d1OS DE HISTORIA.<br>Orgullosamente Apaseo el Alto celebra que un d\u00eda como hoy pero de 1802 recibi\u00f3 su Fundo Legal para el asentamiento de 600 familias y mil habitantes.<br> C\u00f3mo la ocasi\u00f3n lo amerita rendir honores a nuestros s\u00edmbolos patrios nos renueva en el orgullo, en la certeza y en el \u00e1nimo de pertenecer a una naci\u00f3n GRANDE Y GENEROSA.<\/p>\n\n\n\n<figure class=\"wp-block-image\"><img loading=\"lazy\" decoding=\"async\" width=\"1024\" height=\"682\" src=\"https:\/\/apaseoelaltogto.gob.mx\/website\/wp-content\/uploads\/2021\/11\/WhatsApp-Image-2021-11-08-at-10.14.57-1024x682.jpeg\" alt=\"\" class=\"wp-image-507\" srcset=\"https:\/\/apaseoelaltogto.gob.mx\/website\/wp-content\/uploads\/2021\/11\/WhatsApp-Image-2021-11-08-at-10.14.57-1024x682.jpeg 1024w, https:\/\/apaseoelaltogto.gob.mx\/website\/wp-content\/uploads\/2021\/11\/WhatsApp-Image-2021-11-08-at-10.14.57-300x200.jpeg 300w, https:\/\/apaseoelaltogto.gob.mx\/website\/wp-content\/uploads\/2021\/11\/WhatsApp-Image-2021-11-08-at-10.14.57-768x512.jpeg 768w, https:\/\/apaseoelaltogto.gob.mx\/website\/wp-content\/uploads\/2021\/11\/WhatsApp-Image-2021-11-08-at-10.14.57-675x450.jpeg 675w, https:\/\/apaseoelaltogto.gob.mx\/website\/wp-content\/uploads\/2021\/11\/WhatsApp-Image-2021-11-08-at-10.14.57.jpeg 1600w\" sizes=\"(max-width: 1024px) 100vw, 1024px\" \/><\/figure>\n\n\n\n<p>El acto c\u00edvico central estuvo encabezado por la alcaldesa Montserrat Mendoza Cano, la totalidad de miembros del H. Ayuntamiento. Funcionarios y ciudadan\u00eda en general  en el Jard\u00edn Principal. Cabe destacar la participaci\u00f3n del Cronista de la ciudad, Francisco Sauza Vega, quien hizo lectura de los documentos hist\u00f3ricos que le dieron identidad propia a nuestro municipio.<\/p>\n","protected":false},"excerpt":{"rendered":"<p>En la ma\u00f1ana se realiz\u00f3 acto c\u00edvico en el Jard\u00edn Cuauht\u00e9moc para conmemorar los 219&#8230;<\/p>\n","protected":false},"author":4,"featured_media":505,"comment_status":"open","ping_status":"open","sticky":false,"template":"","format":"standard","meta":{"footnotes":""},"categories":[9],"tags":[],"_links":{"self":[{"href":"https:\/\/apaseoelaltogto.gob.mx\/website\/wp-json\/wp\/v2\/posts\/504"}],"collection":[{"href":"https:\/\/apaseoelaltogto.gob.mx\/website\/wp-json\/wp\/v2\/posts"}],"about":[{"href":"https:\/\/apaseoelaltogto.gob.mx\/website\/wp-json\/wp\/v2\/types\/post"}],"author":[{"embeddable":true,"href":"https:\/\/apaseoelaltogto.gob.mx\/website\/wp-json\/wp\/v2\/users\/4"}],"replies":[{"embeddable":true,"href":"https:\/\/apaseoelaltogto.gob.mx\/website\/wp-json\/wp\/v2\/comments?post=504"}],"version-history":[{"count":1,"href":"https:\/\/apaseoelaltogto.gob.mx\/website\/wp-json\/wp\/v2\/posts\/504\/revisions"}],"predecessor-version":[{"id":508,"href":"https:\/\/apaseoelaltogto.gob.mx\/website\/wp-json\/wp\/v2\/posts\/504\/revisions\/508"}],"wp:featuredmedia":[{"embeddable":true,"href":"https:\/\/apaseoelaltogto.gob.mx\/website\/wp-json\/wp\/v2\/media\/505"}],"wp:attachment":[{"href":"https:\/\/apaseoelaltogto.gob.mx\/website\/wp-json\/wp\/v2\/media?parent=504"}],"wp:term":[{"taxonomy":"category","embeddable":true,"href":"https:\/\/apaseoelaltogto.gob.mx\/website\/wp-json\/wp\/v2\/categories?post=504"},{"taxonomy":"post_tag","embeddable":true,"href":"https:\/\/apaseoelaltogto.gob.mx\/website\/wp-json\/wp\/v2\/tags?post=504"}],"curies":[{"name":"wp","href":"https:\/\/api.w.org\/{rel}","templated":true}]}}