{"id":542,"date":"2022-01-15T13:46:22","date_gmt":"2022-01-15T19:46:22","guid":{"rendered":"http:\/\/apaseoelaltogto.gob.mx\/website\/?p=542"},"modified":"2022-01-26T13:48:35","modified_gmt":"2022-01-26T19:48:35","slug":"ha-mejorado-la-percepcion-ciudadana-mmc","status":"publish","type":"post","link":"https:\/\/apaseoelaltogto.gob.mx\/website\/2022\/01\/ha-mejorado-la-percepcion-ciudadana-mmc\/","title":{"rendered":"Ha mejorado la percepci\u00f3n ciudadana: MMC."},"content":{"rendered":"\n<p> La alcaldesa de Apaseo el Alto, Monserrat Mendoza Cano, destac\u00f3 que en los casi 3 meses que est\u00e1 al frente del Gobierno, la percepci\u00f3n ciudadana ha mejorado, en virtud de la importante participaci\u00f3n que la sociedad apaseoaltense ha tenido para levantar la econom\u00eda local.<\/p>\n\n\n\n<p>\u201cAhora que fueron nuestras fiestas patronales, en diciembre, tuvimos la visita de muchos ciudadanos que viven en Estados Unidos y esto se ve reflejado en la econom\u00eda, eso nos hace sentir que no vamos mal, que necesitamos apretarle m\u00e1s, por supuesto, pero que vamos por buen camino\u201d, expres\u00f3 la primera edil.<\/p>\n\n\n\n<p>En este sentido mencion\u00f3 que al cierre del 2021 se alcanz\u00f3 una regularizaci\u00f3n del 75% en las arcas del municipio, dado que a\u00fan se tiene un gran n\u00famero de adeudos con contratistas y proveedores, sin embargo, se est\u00e1 buscando sanear las finanzas a trav\u00e9s de estrategias de austeridad al interior de la Administraci\u00f3n.<\/p>\n\n\n\n<p>Asimismo, reconoci\u00f3 que se hizo una solicitud al congreso del estado para que se inicien las investigaciones pertinentes para esclarecer y deslindar responsabilidades en el manejo de los recursos p\u00fablicos, as\u00ed como la falta de informaci\u00f3n en el trienio pasado. <\/p>\n\n\n\n<figure class=\"wp-block-image\"><img loading=\"lazy\" decoding=\"async\" width=\"1024\" height=\"683\" src=\"https:\/\/apaseoelaltogto.gob.mx\/website\/wp-content\/uploads\/2022\/01\/271720425_1916468741878750_883030332553191480_n-1024x683.jpg\" alt=\"\" class=\"wp-image-544\" srcset=\"https:\/\/apaseoelaltogto.gob.mx\/website\/wp-content\/uploads\/2022\/01\/271720425_1916468741878750_883030332553191480_n-1024x683.jpg 1024w, https:\/\/apaseoelaltogto.gob.mx\/website\/wp-content\/uploads\/2022\/01\/271720425_1916468741878750_883030332553191480_n-300x200.jpg 300w, https:\/\/apaseoelaltogto.gob.mx\/website\/wp-content\/uploads\/2022\/01\/271720425_1916468741878750_883030332553191480_n-768x512.jpg 768w, https:\/\/apaseoelaltogto.gob.mx\/website\/wp-content\/uploads\/2022\/01\/271720425_1916468741878750_883030332553191480_n-675x450.jpg 675w, https:\/\/apaseoelaltogto.gob.mx\/website\/wp-content\/uploads\/2022\/01\/271720425_1916468741878750_883030332553191480_n.jpg 1236w\" sizes=\"(max-width: 1024px) 100vw, 1024px\" \/><\/figure>\n","protected":false},"excerpt":{"rendered":"<p>La alcaldesa de Apaseo el Alto, Monserrat Mendoza Cano, destac\u00f3 que en los casi 3&#8230;<\/p>\n","protected":false},"author":4,"featured_media":543,"comment_status":"open","ping_status":"open","sticky":false,"template":"","format":"standard","meta":{"footnotes":""},"categories":[75],"tags":[],"_links":{"self":[{"href":"https:\/\/apaseoelaltogto.gob.mx\/website\/wp-json\/wp\/v2\/posts\/542"}],"collection":[{"href":"https:\/\/apaseoelaltogto.gob.mx\/website\/wp-json\/wp\/v2\/posts"}],"about":[{"href":"https:\/\/apaseoelaltogto.gob.mx\/website\/wp-json\/wp\/v2\/types\/post"}],"author":[{"embeddable":true,"href":"https:\/\/apaseoelaltogto.gob.mx\/website\/wp-json\/wp\/v2\/users\/4"}],"replies":[{"embeddable":true,"href":"https:\/\/apaseoelaltogto.gob.mx\/website\/wp-json\/wp\/v2\/comments?post=542"}],"version-history":[{"count":1,"href":"https:\/\/apaseoelaltogto.gob.mx\/website\/wp-json\/wp\/v2\/posts\/542\/revisions"}],"predecessor-version":[{"id":545,"href":"https:\/\/apaseoelaltogto.gob.mx\/website\/wp-json\/wp\/v2\/posts\/542\/revisions\/545"}],"wp:featuredmedia":[{"embeddable":true,"href":"https:\/\/apaseoelaltogto.gob.mx\/website\/wp-json\/wp\/v2\/media\/543"}],"wp:attachment":[{"href":"https:\/\/apaseoelaltogto.gob.mx\/website\/wp-json\/wp\/v2\/media?parent=542"}],"wp:term":[{"taxonomy":"category","embeddable":true,"href":"https:\/\/apaseoelaltogto.gob.mx\/website\/wp-json\/wp\/v2\/categories?post=542"},{"taxonomy":"post_tag","embeddable":true,"href":"https:\/\/apaseoelaltogto.gob.mx\/website\/wp-json\/wp\/v2\/tags?post=542"}],"curies":[{"name":"wp","href":"https:\/\/api.w.org\/{rel}","templated":true}]}}