{"id":557,"date":"2022-04-11T13:36:53","date_gmt":"2022-04-11T19:36:53","guid":{"rendered":"http:\/\/apaseoelaltogto.gob.mx\/website\/?p=557"},"modified":"2022-04-11T13:36:54","modified_gmt":"2022-04-11T19:36:54","slug":"arranca-operativo-de-semana-santa","status":"publish","type":"post","link":"https:\/\/apaseoelaltogto.gob.mx\/website\/2022\/04\/arranca-operativo-de-semana-santa\/","title":{"rendered":"Arranca Operativo de Semana Santa"},"content":{"rendered":"\n<p>Del 9 al 24 de abril elementos de Protecci\u00f3n Civil, SUMAA y bomberos, as\u00ed como Seguridad P\u00fablica, Tr\u00e1nsito y el sector salud  trabajar\u00e1n por salvaguardar a la ciudadan\u00eda en esta temporada vacacional de Semana Santa. <\/p>\n\n\n\n<div class=\"wp-block-image\"><figure class=\"aligncenter is-resized\"><img loading=\"lazy\" decoding=\"async\" src=\"https:\/\/apaseoelaltogto.gob.mx\/website\/wp-content\/uploads\/2022\/04\/Operativo-semana-santa-2-1024x683.jpg\" alt=\"\" class=\"wp-image-559\" width=\"409\" height=\"272\" srcset=\"https:\/\/apaseoelaltogto.gob.mx\/website\/wp-content\/uploads\/2022\/04\/Operativo-semana-santa-2-1024x683.jpg 1024w, https:\/\/apaseoelaltogto.gob.mx\/website\/wp-content\/uploads\/2022\/04\/Operativo-semana-santa-2-300x200.jpg 300w, https:\/\/apaseoelaltogto.gob.mx\/website\/wp-content\/uploads\/2022\/04\/Operativo-semana-santa-2-768x512.jpg 768w, https:\/\/apaseoelaltogto.gob.mx\/website\/wp-content\/uploads\/2022\/04\/Operativo-semana-santa-2-675x450.jpg 675w, https:\/\/apaseoelaltogto.gob.mx\/website\/wp-content\/uploads\/2022\/04\/Operativo-semana-santa-2.jpg 1280w\" sizes=\"(max-width: 409px) 100vw, 409px\" \/><\/figure><\/div>\n\n\n\n<p>Vigilar y cuidar a las personas que visitan  presas, balnearios, bombas de agua y  arroyos son algunas de las actividades a realizar. Adem\u00e1s del acompa\u00f1amiento y apoyo en eventos masivos de car\u00e1cter religioso. <\/p>\n\n\n\n<p>Tanto instancias municipales, estatales y federales estar\u00e1n trabajando por cuidar y proteger a los apaseoaltenses en esta temporada. <\/p>\n\n\n\n<div class=\"wp-block-image\"><figure class=\"aligncenter is-resized\"><img loading=\"lazy\" decoding=\"async\" src=\"https:\/\/apaseoelaltogto.gob.mx\/website\/wp-content\/uploads\/2022\/04\/Operativo-semana-santa-1-1024x683.jpg\" alt=\"\" class=\"wp-image-560\" width=\"439\" height=\"292\" srcset=\"https:\/\/apaseoelaltogto.gob.mx\/website\/wp-content\/uploads\/2022\/04\/Operativo-semana-santa-1-1024x683.jpg 1024w, https:\/\/apaseoelaltogto.gob.mx\/website\/wp-content\/uploads\/2022\/04\/Operativo-semana-santa-1-300x200.jpg 300w, https:\/\/apaseoelaltogto.gob.mx\/website\/wp-content\/uploads\/2022\/04\/Operativo-semana-santa-1-768x512.jpg 768w, https:\/\/apaseoelaltogto.gob.mx\/website\/wp-content\/uploads\/2022\/04\/Operativo-semana-santa-1-675x450.jpg 675w, https:\/\/apaseoelaltogto.gob.mx\/website\/wp-content\/uploads\/2022\/04\/Operativo-semana-santa-1.jpg 1280w\" sizes=\"(max-width: 439px) 100vw, 439px\" \/><\/figure><\/div>\n","protected":false},"excerpt":{"rendered":"<p>Del 9 al 24 de abril elementos de Protecci\u00f3n Civil, SUMAA y bomberos, as\u00ed como&#8230;<\/p>\n","protected":false},"author":4,"featured_media":558,"comment_status":"open","ping_status":"open","sticky":false,"template":"","format":"standard","meta":{"footnotes":""},"categories":[74],"tags":[],"_links":{"self":[{"href":"https:\/\/apaseoelaltogto.gob.mx\/website\/wp-json\/wp\/v2\/posts\/557"}],"collection":[{"href":"https:\/\/apaseoelaltogto.gob.mx\/website\/wp-json\/wp\/v2\/posts"}],"about":[{"href":"https:\/\/apaseoelaltogto.gob.mx\/website\/wp-json\/wp\/v2\/types\/post"}],"author":[{"embeddable":true,"href":"https:\/\/apaseoelaltogto.gob.mx\/website\/wp-json\/wp\/v2\/users\/4"}],"replies":[{"embeddable":true,"href":"https:\/\/apaseoelaltogto.gob.mx\/website\/wp-json\/wp\/v2\/comments?post=557"}],"version-history":[{"count":1,"href":"https:\/\/apaseoelaltogto.gob.mx\/website\/wp-json\/wp\/v2\/posts\/557\/revisions"}],"predecessor-version":[{"id":561,"href":"https:\/\/apaseoelaltogto.gob.mx\/website\/wp-json\/wp\/v2\/posts\/557\/revisions\/561"}],"wp:featuredmedia":[{"embeddable":true,"href":"https:\/\/apaseoelaltogto.gob.mx\/website\/wp-json\/wp\/v2\/media\/558"}],"wp:attachment":[{"href":"https:\/\/apaseoelaltogto.gob.mx\/website\/wp-json\/wp\/v2\/media?parent=557"}],"wp:term":[{"taxonomy":"category","embeddable":true,"href":"https:\/\/apaseoelaltogto.gob.mx\/website\/wp-json\/wp\/v2\/categories?post=557"},{"taxonomy":"post_tag","embeddable":true,"href":"https:\/\/apaseoelaltogto.gob.mx\/website\/wp-json\/wp\/v2\/tags?post=557"}],"curies":[{"name":"wp","href":"https:\/\/api.w.org\/{rel}","templated":true}]}}