{"id":846,"date":"2023-06-22T14:52:58","date_gmt":"2023-06-22T20:52:58","guid":{"rendered":"http:\/\/apaseoelaltogto.gob.mx\/website\/?p=846"},"modified":"2023-07-11T14:55:04","modified_gmt":"2023-07-11T20:55:04","slug":"asisten-250-a-feria-de-servicios-en-comunidades-indigenas","status":"publish","type":"post","link":"https:\/\/apaseoelaltogto.gob.mx\/website\/2023\/06\/asisten-250-a-feria-de-servicios-en-comunidades-indigenas\/","title":{"rendered":"Asisten 250 a Feria de Servicios en Comunidades Ind\u00edgenas."},"content":{"rendered":"\n<p>Con la participaci\u00f3n de 15 comunidades y m\u00e1s de 250 asistentes, se realiz\u00f3 la Feria de Servicios para Comunidades Ind\u00edgenas donde acercaron tr\u00e1mites y servicios que ofertan las dependencias del Gobierno Municipal y Estatal.<\/p>\n\n\n\n<p>Fue en coordinaci\u00f3n con la Secretar\u00eda de Desarrollo Social y Humano (SEDESHU) del Gobierno del Estado y el Gobierno Municipal de Apaseo el Alto, que se llev\u00f3 a cabo la feria en la Escuela Primaria de Benito Ju\u00e1rez, de San Bartolom\u00e9 Aguas Calientes, donde los habitantes tuvieron la oportunidad de realizar tr\u00e1mites como el acta de nacimiento, casamientos en el registro civil, solicitudes de apoyos, capacitaciones, actividades deportivas, entre muchas otras.<\/p>\n\n\n\n<figure class=\"wp-block-image\"><img loading=\"lazy\" decoding=\"async\" width=\"1024\" height=\"768\" src=\"https:\/\/apaseoelaltogto.gob.mx\/website\/wp-content\/uploads\/2023\/07\/Imagen-de-WhatsApp-2023-06-22-a-las-16.25.37-1024x768.jpg\" alt=\"\" class=\"wp-image-847\" srcset=\"https:\/\/apaseoelaltogto.gob.mx\/website\/wp-content\/uploads\/2023\/07\/Imagen-de-WhatsApp-2023-06-22-a-las-16.25.37-1024x768.jpg 1024w, https:\/\/apaseoelaltogto.gob.mx\/website\/wp-content\/uploads\/2023\/07\/Imagen-de-WhatsApp-2023-06-22-a-las-16.25.37-300x225.jpg 300w, https:\/\/apaseoelaltogto.gob.mx\/website\/wp-content\/uploads\/2023\/07\/Imagen-de-WhatsApp-2023-06-22-a-las-16.25.37-768x576.jpg 768w, https:\/\/apaseoelaltogto.gob.mx\/website\/wp-content\/uploads\/2023\/07\/Imagen-de-WhatsApp-2023-06-22-a-las-16.25.37.jpg 1280w\" sizes=\"(max-width: 1024px) 100vw, 1024px\" \/><\/figure>\n\n\n\n<p>Como mensaje de bienvenida, la Presidenta Municipal, Monserrat Mendoza Cano, mencion\u00f3 que estas actividades son importantes para mantener una relaci\u00f3n estrecha con la ciudadan\u00eda, principalmente con las m\u00e1s alejadas que no cuentan con las facilidades de asistir a la cabecera municipal, donde se localiza la mayor\u00eda de las dependencias, adem\u00e1s de escuchar de primera mano las necesidades m\u00e1s sentidas de la poblaci\u00f3n como lo son las poblaciones ind\u00edgenas.<\/p>\n\n\n\n<p>\u201cEstamos aqu\u00ed para escucharlos, para saber que necesidades tienen y refrendar nuestro compromiso con ustedes que nos dieron su confianza, ver en que los podemos apoyar, ver como esta su comunidad, pero sobre todo que su gente sepa que estamos al pendiente trabajando de la mano\u201d.<\/p>\n\n\n\n<p>En este evento participaron 20 dependencias entre las que destacan el Registro Civil, Secretar\u00eda de Salud, IECA, INAEBA, INGUDIS, IMUG, Fondos Guanajuato, CODE, PAOT, Prevenci\u00f3n del Delito Municipal, Atenci\u00f3n al Migrante, Desarrollo Rural, DIF Municipal, Coordinaci\u00f3n de Atenci\u00f3n a la Mujer, Direcci\u00f3n de Educaci\u00f3n, Desarrollo Econ\u00f3mico Municipal y la Oficina de la Presidenta, quienes recibieron sus solicitudes, registro para apoyos y atendieron dudas sobre los programas sociales de manera gratuita.<\/p>\n\n\n\n<p>Una de las actividades m\u00e1s destacadas fue el taller de elaboraci\u00f3n de taller de \u201cElaboraci\u00f3n de cheesecake de crema de cacahuate\u201d, con la participaci\u00f3n de 20 asistentes, impartido por la direcci\u00f3n de Desarrollo Econ\u00f3mico y Turismo Municipal, as\u00ed como la expedici\u00f3n de 200 actas de nacimiento y 10 uniones matrimoniales realizadas por el\u00a0Registro\u00a0Civil.<\/p>\n\n\n\n<ul class=\"wp-block-gallery columns-3 is-cropped wp-block-gallery-1 is-layout-flex wp-block-gallery-is-layout-flex\"><li class=\"blocks-gallery-item\"><figure><img loading=\"lazy\" decoding=\"async\" width=\"1024\" height=\"768\" src=\"https:\/\/apaseoelaltogto.gob.mx\/website\/wp-content\/uploads\/2023\/07\/Imagen-de-WhatsApp-2023-06-22-a-las-16.25.36-1024x768.jpg\" alt=\"\" data-id=\"848\" data-link=\"https:\/\/apaseoelaltogto.gob.mx\/website\/?attachment_id=848\" class=\"wp-image-848\" srcset=\"https:\/\/apaseoelaltogto.gob.mx\/website\/wp-content\/uploads\/2023\/07\/Imagen-de-WhatsApp-2023-06-22-a-las-16.25.36-1024x768.jpg 1024w, https:\/\/apaseoelaltogto.gob.mx\/website\/wp-content\/uploads\/2023\/07\/Imagen-de-WhatsApp-2023-06-22-a-las-16.25.36-300x225.jpg 300w, https:\/\/apaseoelaltogto.gob.mx\/website\/wp-content\/uploads\/2023\/07\/Imagen-de-WhatsApp-2023-06-22-a-las-16.25.36-768x576.jpg 768w, https:\/\/apaseoelaltogto.gob.mx\/website\/wp-content\/uploads\/2023\/07\/Imagen-de-WhatsApp-2023-06-22-a-las-16.25.36.jpg 1600w\" sizes=\"(max-width: 1024px) 100vw, 1024px\" \/><\/figure><\/li><li class=\"blocks-gallery-item\"><figure><img loading=\"lazy\" decoding=\"async\" width=\"1024\" height=\"681\" src=\"https:\/\/apaseoelaltogto.gob.mx\/website\/wp-content\/uploads\/2023\/07\/Imagen-de-WhatsApp-2023-06-22-a-las-16.25.40-1024x681.jpg\" alt=\"\" data-id=\"849\" data-link=\"https:\/\/apaseoelaltogto.gob.mx\/website\/?attachment_id=849\" class=\"wp-image-849\" srcset=\"https:\/\/apaseoelaltogto.gob.mx\/website\/wp-content\/uploads\/2023\/07\/Imagen-de-WhatsApp-2023-06-22-a-las-16.25.40-1024x681.jpg 1024w, https:\/\/apaseoelaltogto.gob.mx\/website\/wp-content\/uploads\/2023\/07\/Imagen-de-WhatsApp-2023-06-22-a-las-16.25.40-300x199.jpg 300w, https:\/\/apaseoelaltogto.gob.mx\/website\/wp-content\/uploads\/2023\/07\/Imagen-de-WhatsApp-2023-06-22-a-las-16.25.40-768x511.jpg 768w, https:\/\/apaseoelaltogto.gob.mx\/website\/wp-content\/uploads\/2023\/07\/Imagen-de-WhatsApp-2023-06-22-a-las-16.25.40-675x450.jpg 675w, https:\/\/apaseoelaltogto.gob.mx\/website\/wp-content\/uploads\/2023\/07\/Imagen-de-WhatsApp-2023-06-22-a-las-16.25.40.jpg 1280w\" sizes=\"(max-width: 1024px) 100vw, 1024px\" \/><\/figure><\/li><li class=\"blocks-gallery-item\"><figure><img loading=\"lazy\" decoding=\"async\" width=\"1024\" height=\"681\" src=\"https:\/\/apaseoelaltogto.gob.mx\/website\/wp-content\/uploads\/2023\/07\/Imagen-de-WhatsApp-2023-06-22-a-las-16.25.41-1024x681.jpg\" alt=\"\" data-id=\"850\" data-link=\"https:\/\/apaseoelaltogto.gob.mx\/website\/?attachment_id=850\" class=\"wp-image-850\" srcset=\"https:\/\/apaseoelaltogto.gob.mx\/website\/wp-content\/uploads\/2023\/07\/Imagen-de-WhatsApp-2023-06-22-a-las-16.25.41-1024x681.jpg 1024w, https:\/\/apaseoelaltogto.gob.mx\/website\/wp-content\/uploads\/2023\/07\/Imagen-de-WhatsApp-2023-06-22-a-las-16.25.41-300x199.jpg 300w, https:\/\/apaseoelaltogto.gob.mx\/website\/wp-content\/uploads\/2023\/07\/Imagen-de-WhatsApp-2023-06-22-a-las-16.25.41-768x511.jpg 768w, https:\/\/apaseoelaltogto.gob.mx\/website\/wp-content\/uploads\/2023\/07\/Imagen-de-WhatsApp-2023-06-22-a-las-16.25.41-675x450.jpg 675w, https:\/\/apaseoelaltogto.gob.mx\/website\/wp-content\/uploads\/2023\/07\/Imagen-de-WhatsApp-2023-06-22-a-las-16.25.41.jpg 1280w\" sizes=\"(max-width: 1024px) 100vw, 1024px\" \/><\/figure><\/li><li class=\"blocks-gallery-item\"><figure><img loading=\"lazy\" decoding=\"async\" width=\"1024\" height=\"681\" src=\"https:\/\/apaseoelaltogto.gob.mx\/website\/wp-content\/uploads\/2023\/07\/Imagen-de-WhatsApp-2023-06-22-a-las-16.25.42-1024x681.jpg\" alt=\"\" data-id=\"851\" data-link=\"https:\/\/apaseoelaltogto.gob.mx\/website\/?attachment_id=851\" class=\"wp-image-851\" srcset=\"https:\/\/apaseoelaltogto.gob.mx\/website\/wp-content\/uploads\/2023\/07\/Imagen-de-WhatsApp-2023-06-22-a-las-16.25.42-1024x681.jpg 1024w, https:\/\/apaseoelaltogto.gob.mx\/website\/wp-content\/uploads\/2023\/07\/Imagen-de-WhatsApp-2023-06-22-a-las-16.25.42-300x199.jpg 300w, https:\/\/apaseoelaltogto.gob.mx\/website\/wp-content\/uploads\/2023\/07\/Imagen-de-WhatsApp-2023-06-22-a-las-16.25.42-768x511.jpg 768w, https:\/\/apaseoelaltogto.gob.mx\/website\/wp-content\/uploads\/2023\/07\/Imagen-de-WhatsApp-2023-06-22-a-las-16.25.42-675x450.jpg 675w, https:\/\/apaseoelaltogto.gob.mx\/website\/wp-content\/uploads\/2023\/07\/Imagen-de-WhatsApp-2023-06-22-a-las-16.25.42.jpg 1280w\" sizes=\"(max-width: 1024px) 100vw, 1024px\" \/><\/figure><\/li><li class=\"blocks-gallery-item\"><figure><img loading=\"lazy\" decoding=\"async\" width=\"1024\" height=\"681\" src=\"https:\/\/apaseoelaltogto.gob.mx\/website\/wp-content\/uploads\/2023\/07\/Imagen-de-WhatsApp-2023-06-22-a-las-16.25.43-1024x681.jpg\" alt=\"\" data-id=\"852\" data-link=\"https:\/\/apaseoelaltogto.gob.mx\/website\/?attachment_id=852\" class=\"wp-image-852\" srcset=\"https:\/\/apaseoelaltogto.gob.mx\/website\/wp-content\/uploads\/2023\/07\/Imagen-de-WhatsApp-2023-06-22-a-las-16.25.43-1024x681.jpg 1024w, https:\/\/apaseoelaltogto.gob.mx\/website\/wp-content\/uploads\/2023\/07\/Imagen-de-WhatsApp-2023-06-22-a-las-16.25.43-300x199.jpg 300w, https:\/\/apaseoelaltogto.gob.mx\/website\/wp-content\/uploads\/2023\/07\/Imagen-de-WhatsApp-2023-06-22-a-las-16.25.43-768x511.jpg 768w, https:\/\/apaseoelaltogto.gob.mx\/website\/wp-content\/uploads\/2023\/07\/Imagen-de-WhatsApp-2023-06-22-a-las-16.25.43-675x450.jpg 675w, https:\/\/apaseoelaltogto.gob.mx\/website\/wp-content\/uploads\/2023\/07\/Imagen-de-WhatsApp-2023-06-22-a-las-16.25.43.jpg 1280w\" sizes=\"(max-width: 1024px) 100vw, 1024px\" \/><\/figure><\/li><li class=\"blocks-gallery-item\"><figure><img loading=\"lazy\" decoding=\"async\" width=\"1024\" height=\"854\" src=\"https:\/\/apaseoelaltogto.gob.mx\/website\/wp-content\/uploads\/2023\/07\/Imagen-de-WhatsApp-2023-06-22-a-las-16.25.34-1024x854.jpg\" alt=\"\" data-id=\"853\" data-link=\"https:\/\/apaseoelaltogto.gob.mx\/website\/?attachment_id=853\" class=\"wp-image-853\" srcset=\"https:\/\/apaseoelaltogto.gob.mx\/website\/wp-content\/uploads\/2023\/07\/Imagen-de-WhatsApp-2023-06-22-a-las-16.25.34-1024x854.jpg 1024w, https:\/\/apaseoelaltogto.gob.mx\/website\/wp-content\/uploads\/2023\/07\/Imagen-de-WhatsApp-2023-06-22-a-las-16.25.34-300x250.jpg 300w, https:\/\/apaseoelaltogto.gob.mx\/website\/wp-content\/uploads\/2023\/07\/Imagen-de-WhatsApp-2023-06-22-a-las-16.25.34-768x640.jpg 768w, https:\/\/apaseoelaltogto.gob.mx\/website\/wp-content\/uploads\/2023\/07\/Imagen-de-WhatsApp-2023-06-22-a-las-16.25.34.jpg 1280w\" sizes=\"(max-width: 1024px) 100vw, 1024px\" \/><\/figure><\/li><li class=\"blocks-gallery-item\"><figure><img loading=\"lazy\" decoding=\"async\" width=\"1024\" height=\"668\" src=\"https:\/\/apaseoelaltogto.gob.mx\/website\/wp-content\/uploads\/2023\/07\/Imagen-de-WhatsApp-2023-06-22-a-las-16.25.38-1024x668.jpg\" alt=\"\" data-id=\"854\" data-link=\"https:\/\/apaseoelaltogto.gob.mx\/website\/?attachment_id=854\" class=\"wp-image-854\" srcset=\"https:\/\/apaseoelaltogto.gob.mx\/website\/wp-content\/uploads\/2023\/07\/Imagen-de-WhatsApp-2023-06-22-a-las-16.25.38-1024x668.jpg 1024w, https:\/\/apaseoelaltogto.gob.mx\/website\/wp-content\/uploads\/2023\/07\/Imagen-de-WhatsApp-2023-06-22-a-las-16.25.38-300x196.jpg 300w, https:\/\/apaseoelaltogto.gob.mx\/website\/wp-content\/uploads\/2023\/07\/Imagen-de-WhatsApp-2023-06-22-a-las-16.25.38-768x501.jpg 768w, https:\/\/apaseoelaltogto.gob.mx\/website\/wp-content\/uploads\/2023\/07\/Imagen-de-WhatsApp-2023-06-22-a-las-16.25.38.jpg 1280w\" sizes=\"(max-width: 1024px) 100vw, 1024px\" \/><\/figure><\/li><li class=\"blocks-gallery-item\"><figure><img loading=\"lazy\" decoding=\"async\" width=\"1024\" height=\"768\" src=\"https:\/\/apaseoelaltogto.gob.mx\/website\/wp-content\/uploads\/2023\/07\/Imagen-de-WhatsApp-2023-06-22-a-las-16.25.39-1024x768.jpg\" alt=\"\" data-id=\"856\" data-link=\"https:\/\/apaseoelaltogto.gob.mx\/website\/?attachment_id=856\" class=\"wp-image-856\" srcset=\"https:\/\/apaseoelaltogto.gob.mx\/website\/wp-content\/uploads\/2023\/07\/Imagen-de-WhatsApp-2023-06-22-a-las-16.25.39-1024x768.jpg 1024w, https:\/\/apaseoelaltogto.gob.mx\/website\/wp-content\/uploads\/2023\/07\/Imagen-de-WhatsApp-2023-06-22-a-las-16.25.39-300x225.jpg 300w, https:\/\/apaseoelaltogto.gob.mx\/website\/wp-content\/uploads\/2023\/07\/Imagen-de-WhatsApp-2023-06-22-a-las-16.25.39-768x576.jpg 768w, https:\/\/apaseoelaltogto.gob.mx\/website\/wp-content\/uploads\/2023\/07\/Imagen-de-WhatsApp-2023-06-22-a-las-16.25.39.jpg 1280w\" sizes=\"(max-width: 1024px) 100vw, 1024px\" \/><\/figure><\/li><\/ul>\n","protected":false},"excerpt":{"rendered":"<p>Con la participaci\u00f3n de 15 comunidades y m\u00e1s de 250 asistentes, se realiz\u00f3 la Feria&#8230;<\/p>\n","protected":false},"author":4,"featured_media":855,"comment_status":"closed","ping_status":"open","sticky":false,"template":"","format":"standard","meta":{"footnotes":""},"categories":[75],"tags":[],"_links":{"self":[{"href":"https:\/\/apaseoelaltogto.gob.mx\/website\/wp-json\/wp\/v2\/posts\/846"}],"collection":[{"href":"https:\/\/apaseoelaltogto.gob.mx\/website\/wp-json\/wp\/v2\/posts"}],"about":[{"href":"https:\/\/apaseoelaltogto.gob.mx\/website\/wp-json\/wp\/v2\/types\/post"}],"author":[{"embeddable":true,"href":"https:\/\/apaseoelaltogto.gob.mx\/website\/wp-json\/wp\/v2\/users\/4"}],"replies":[{"embeddable":true,"href":"https:\/\/apaseoelaltogto.gob.mx\/website\/wp-json\/wp\/v2\/comments?post=846"}],"version-history":[{"count":1,"href":"https:\/\/apaseoelaltogto.gob.mx\/website\/wp-json\/wp\/v2\/posts\/846\/revisions"}],"predecessor-version":[{"id":857,"href":"https:\/\/apaseoelaltogto.gob.mx\/website\/wp-json\/wp\/v2\/posts\/846\/revisions\/857"}],"wp:featuredmedia":[{"embeddable":true,"href":"https:\/\/apaseoelaltogto.gob.mx\/website\/wp-json\/wp\/v2\/media\/855"}],"wp:attachment":[{"href":"https:\/\/apaseoelaltogto.gob.mx\/website\/wp-json\/wp\/v2\/media?parent=846"}],"wp:term":[{"taxonomy":"category","embeddable":true,"href":"https:\/\/apaseoelaltogto.gob.mx\/website\/wp-json\/wp\/v2\/categories?post=846"},{"taxonomy":"post_tag","embeddable":true,"href":"https:\/\/apaseoelaltogto.gob.mx\/website\/wp-json\/wp\/v2\/tags?post=846"}],"curies":[{"name":"wp","href":"https:\/\/api.w.org\/{rel}","templated":true}]}}